{"id":3205,"date":"2023-10-21T15:50:19","date_gmt":"2023-10-21T15:50:19","guid":{"rendered":"http:\/\/www.christine-prause.de\/blog\/?p=3205"},"modified":"2024-01-15T16:10:32","modified_gmt":"2024-01-15T16:10:32","slug":"euregio-kunstkreis-bocholt","status":"publish","type":"post","link":"https:\/\/www.christine-prause.de\/blog\/?p=3205","title":{"rendered":"Christine Prause, Figurative Farbr\u00e4ume"},"content":{"rendered":"<p>Eine Ausstellung des EUREGIO-Kunstkreises Bocholt<\/p>\n<p><strong>Er\u00f6ffnung<\/strong><span style=\"font-weight: 300;\"><strong>:<\/strong> Sonntag, 4. Februar 2024 um 11 Uhr<br \/>\n<strong>Begr\u00fc\u00dfung:<\/strong>\u00a0 Klaus Landsmann, Vorsitzender des EUREGIO-Kunstkreises<br \/>\n<strong>Einf\u00fchrung:<\/strong>\u00a0 Michaela Plattenteich, M.A.<br \/>\n<\/span><\/p>\n<p>Dauer\u00a0der Ausstellung:<span style=\"color: #333333; font-style: normal; font-weight: 300;\">\u00a0 5. Februar bis 24. M\u00e4rz 2024<\/span><\/p>\n<p><a href=\"https:\/\/www.christine-prause.de\/blog\/wp-content\/uploads\/2023\/10\/Rotes-Interieur_120x100cm.jpg\"><img loading=\"lazy\" decoding=\"async\" class=\"alignnone size-full wp-image-3296\" title=\"Rotes Interieur_120x100cm\" src=\"https:\/\/www.christine-prause.de\/blog\/wp-content\/uploads\/2023\/10\/Rotes-Interieur_120x100cm.jpg\" alt=\"\" width=\"1024\" height=\"1235\" \/><\/a><\/p>\n<p><span style=\"font-weight: 300;\">EUREGIO-Kunstkreis im Kunsthaus Bocholt, Osterstrasse 69, 46397 Bocholt<br \/>\n<\/span><span style=\"font-weight: 300;\">www.euregio-kunsthaus-bocholt.de<\/span><\/p>\n<p><a href=\"https:\/\/www.christine-prause.de\/blog\/wp-content\/uploads\/2023\/09\/Logo_KKB.jpg\"><img loading=\"lazy\" decoding=\"async\" class=\"alignnone size-thumbnail wp-image-3222\" title=\"Logo_KKB\" src=\"https:\/\/www.christine-prause.de\/blog\/wp-content\/uploads\/2023\/09\/Logo_KKB-150x150.jpg\" alt=\"\" width=\"150\" height=\"150\" \/><\/a><\/p>\n","protected":false},"excerpt":{"rendered":"<p>Eine Ausstellung des EUREGIO-Kunstkreises Bocholt Er\u00f6ffnung: Sonntag, 4. Februar 2024 um 11 Uhr Begr\u00fc\u00dfung:\u00a0 Klaus Landsmann, Vorsitzender des EUREGIO-Kunstkreises Einf\u00fchrung:\u00a0 Michaela Plattenteich, M.A. Dauer\u00a0der Ausstellung:\u00a0 5. Februar bis 24. M\u00e4rz 2024 EUREGIO-Kunstkreis im Kunsthaus Bocholt, Osterstrasse 69, 46397 Bocholt www.euregio-kunsthaus-bocholt.de<\/p>\n","protected":false},"author":1,"featured_media":0,"comment_status":"closed","ping_status":"closed","sticky":false,"template":"","format":"standard","meta":{"footnotes":""},"categories":[1],"tags":[],"class_list":["post-3205","post","type-post","status-publish","format-standard","hentry","category-allgemein"],"_links":{"self":[{"href":"https:\/\/www.christine-prause.de\/blog\/index.php?rest_route=\/wp\/v2\/posts\/3205","targetHints":{"allow":["GET"]}}],"collection":[{"href":"https:\/\/www.christine-prause.de\/blog\/index.php?rest_route=\/wp\/v2\/posts"}],"about":[{"href":"https:\/\/www.christine-prause.de\/blog\/index.php?rest_route=\/wp\/v2\/types\/post"}],"author":[{"embeddable":true,"href":"https:\/\/www.christine-prause.de\/blog\/index.php?rest_route=\/wp\/v2\/users\/1"}],"replies":[{"embeddable":true,"href":"https:\/\/www.christine-prause.de\/blog\/index.php?rest_route=%2Fwp%2Fv2%2Fcomments&post=3205"}],"version-history":[{"count":29,"href":"https:\/\/www.christine-prause.de\/blog\/index.php?rest_route=\/wp\/v2\/posts\/3205\/revisions"}],"predecessor-version":[{"id":3300,"href":"https:\/\/www.christine-prause.de\/blog\/index.php?rest_route=\/wp\/v2\/posts\/3205\/revisions\/3300"}],"wp:attachment":[{"href":"https:\/\/www.christine-prause.de\/blog\/index.php?rest_route=%2Fwp%2Fv2%2Fmedia&parent=3205"}],"wp:term":[{"taxonomy":"category","embeddable":true,"href":"https:\/\/www.christine-prause.de\/blog\/index.php?rest_route=%2Fwp%2Fv2%2Fcategories&post=3205"},{"taxonomy":"post_tag","embeddable":true,"href":"https:\/\/www.christine-prause.de\/blog\/index.php?rest_route=%2Fwp%2Fv2%2Ftags&post=3205"}],"curies":[{"name":"wp","href":"https:\/\/api.w.org\/{rel}","templated":true}]}}