{"id":3510,"date":"2025-06-23T08:52:23","date_gmt":"2025-06-23T08:52:23","guid":{"rendered":"http:\/\/www.christine-prause.de\/blog\/?p=3510"},"modified":"2025-06-23T09:58:58","modified_gmt":"2025-06-23T09:58:58","slug":"funfzig-x-funfzig","status":"publish","type":"post","link":"https:\/\/www.christine-prause.de\/blog\/?p=3510","title":{"rendered":"F\u00fcnfzig x F\u00fcnfzig"},"content":{"rendered":"<p>Die GKK \/ Gemeinschaft Krefelder K\u00fcnstlerinnen und K\u00fcnstler feiert 50-j\u00e4hriges Bestehen<\/p>\n<p><strong>F\u00dcNFZIG X F\u00dcNFZIG<\/strong><br \/>\n<strong>6. Juni bis 6. Juli 2025<\/strong><\/p>\n<p>Die Mitglieder der Gemeinschaft Krefelder K\u00fcnstler zeigen jeweils eine Arbeit im Format 50X50.\u00a0Ein Rahmenprogramm erg\u00e4nzt diese Ausstellung:<\/p>\n<ul type=\"disc\">\n<li><strong>Vollmondbar<\/strong>\u00a0mit Tonabnehmer Eclipse am 11.6.25 ab 21 Uhr im Kunstspektrum.<\/li>\n<li><strong>Lesung<\/strong>\u00a0mit Marianne Reiners-Maaz:\u00a0 KUNST -was ist das?\u00a0 am 15.6.25 um 12 Uhr<\/li>\n<li><strong>Lesung<\/strong>\u00a0mit John Waszek am 2.7.25 um 19.30 jeweils in der Artothek<\/li>\n<li><strong>KUNST NACHT<\/strong>\u00a0am 21.06.25 ab 18 Uhr, gemeinsam mit Projektraum 35blumen und dem Krefelder Kunstverein<\/li>\n<\/ul>\n<p><strong>Er\u00f6ffnung:\u00a0<\/strong> \u00a0Freitag, 06.06.2025 um 20 Uhr<br \/>\n<strong>Finissage:\u00a0<\/strong> \u00a0Sonntag, 06.07.2025 ab 11 Uhr mit ge\u00f6ffneter Artothek<\/p>\n<p>Kunst-Spektrum, St. Anton-Stra\u00dfe 90, 47798 Krefeld<br \/>\n\u00d6ffnungszeiten: Do 16-20 Uhr, So 12-16 Uhr<\/p>\n<p><a href=\"https:\/\/www.christine-prause.de\/blog\/wp-content\/uploads\/2025\/06\/Christine-Prause_.jpg\"><img loading=\"lazy\" decoding=\"async\" class=\"alignnone size-full wp-image-3515\" title=\"Christine Prause_\" src=\"https:\/\/www.christine-prause.de\/blog\/wp-content\/uploads\/2025\/06\/Christine-Prause_.jpg\" alt=\"\" width=\"1024\" height=\"1024\" srcset=\"https:\/\/www.christine-prause.de\/blog\/wp-content\/uploads\/2025\/06\/Christine-Prause_.jpg 1024w, https:\/\/www.christine-prause.de\/blog\/wp-content\/uploads\/2025\/06\/Christine-Prause_-150x150.jpg 150w, https:\/\/www.christine-prause.de\/blog\/wp-content\/uploads\/2025\/06\/Christine-Prause_-300x300.jpg 300w\" sizes=\"auto, (max-width: 1024px) 100vw, 1024px\" \/><\/a><\/p>\n","protected":false},"excerpt":{"rendered":"<p>Die GKK \/ Gemeinschaft Krefelder K\u00fcnstlerinnen und K\u00fcnstler feiert 50-j\u00e4hriges Bestehen F\u00dcNFZIG X F\u00dcNFZIG 6. Juni bis 6. Juli 2025 Die Mitglieder der Gemeinschaft Krefelder K\u00fcnstler zeigen jeweils eine Arbeit im Format 50X50.\u00a0Ein Rahmenprogramm erg\u00e4nzt diese Ausstellung: Vollmondbar\u00a0mit Tonabnehmer Eclipse &hellip; <a href=\"https:\/\/www.christine-prause.de\/blog\/?p=3510\">Weiterlesen <span class=\"meta-nav\">&rarr;<\/span><\/a><\/p>\n","protected":false},"author":1,"featured_media":0,"comment_status":"closed","ping_status":"closed","sticky":false,"template":"","format":"standard","meta":{"footnotes":""},"categories":[1],"tags":[],"class_list":["post-3510","post","type-post","status-publish","format-standard","hentry","category-allgemein"],"_links":{"self":[{"href":"https:\/\/www.christine-prause.de\/blog\/index.php?rest_route=\/wp\/v2\/posts\/3510","targetHints":{"allow":["GET"]}}],"collection":[{"href":"https:\/\/www.christine-prause.de\/blog\/index.php?rest_route=\/wp\/v2\/posts"}],"about":[{"href":"https:\/\/www.christine-prause.de\/blog\/index.php?rest_route=\/wp\/v2\/types\/post"}],"author":[{"embeddable":true,"href":"https:\/\/www.christine-prause.de\/blog\/index.php?rest_route=\/wp\/v2\/users\/1"}],"replies":[{"embeddable":true,"href":"https:\/\/www.christine-prause.de\/blog\/index.php?rest_route=%2Fwp%2Fv2%2Fcomments&post=3510"}],"version-history":[{"count":9,"href":"https:\/\/www.christine-prause.de\/blog\/index.php?rest_route=\/wp\/v2\/posts\/3510\/revisions"}],"predecessor-version":[{"id":3537,"href":"https:\/\/www.christine-prause.de\/blog\/index.php?rest_route=\/wp\/v2\/posts\/3510\/revisions\/3537"}],"wp:attachment":[{"href":"https:\/\/www.christine-prause.de\/blog\/index.php?rest_route=%2Fwp%2Fv2%2Fmedia&parent=3510"}],"wp:term":[{"taxonomy":"category","embeddable":true,"href":"https:\/\/www.christine-prause.de\/blog\/index.php?rest_route=%2Fwp%2Fv2%2Fcategories&post=3510"},{"taxonomy":"post_tag","embeddable":true,"href":"https:\/\/www.christine-prause.de\/blog\/index.php?rest_route=%2Fwp%2Fv2%2Ftags&post=3510"}],"curies":[{"name":"wp","href":"https:\/\/api.w.org\/{rel}","templated":true}]}}