{"id":3601,"date":"2026-01-22T14:03:13","date_gmt":"2026-01-22T12:03:13","guid":{"rendered":"https:\/\/www.christine-prause.de\/blog\/?p=3601"},"modified":"2026-01-22T14:09:10","modified_gmt":"2026-01-22T12:09:10","slug":"artothek","status":"publish","type":"post","link":"https:\/\/www.christine-prause.de\/blog\/?p=3601","title":{"rendered":"Artothek"},"content":{"rendered":"\n<p class=\"has-black-color has-text-color has-link-color wp-elements-43a40953b7dbcae95e4ea43631f43bd0\">\u00dcberm Sofa<\/p>\n\n\n\n<p><strong>\u201e\u00dcberm Sofa \u2013 35 Jahre Artothek\u201c&nbsp;<\/strong><\/p>\n\n\n\n<p>16. Januar bis zum 15. Februar 2026 auf zwei Etagen im Kunst-Spektrum der GKK und in der Artothek, St. Anton Stra\u00dfe 90, Krefeld<\/p>\n\n\n\n<p><strong>Er\u00f6ffnung:<\/strong>  <strong>Freitag, 16.1.2026 um 19 Uhr im Kunst-Spektrum der GKK<\/strong><\/p>\n\n\n\n<p>Begr\u00fc\u00dfung: Dr. Katharine Leiska, Kulturbeauftragte der Stadt Krefeld <br>Einf\u00fchrung: Eva Caroline Eick, Kunstmuseen Krefeld<\/p>\n\n\n\n<p>Besonders m\u00f6chte ich auf das\u00a0<strong>Begleitprogramm zur Ausstellung\u00a0<\/strong>aufmerksam machen, es startet am\u00a0<strong>Sonntag, 18.1.2026, 12:30 Uhr mit einer<\/strong><\/p>\n\n\n\n<p><strong>Sofalesung&nbsp;<\/strong>von Marianne Reiners-Maaz: &#8222;<em>Mit Kunst leben&#8220;<\/em><\/p>\n\n\n\n<p>Danach gehts weiter mit&nbsp;<strong>Sofatalk am 1.2.26<\/strong>, einem&nbsp;<strong>PopUp-Caf\u00e9 am 8.2.26<\/strong>&nbsp;und endet mit&nbsp;<strong>Musik auf dem Sofa am 15.2.26<\/strong>, siehe unten&#8230;<\/p>\n\n\n\n<figure class=\"wp-block-gallery has-nested-images columns-default is-cropped wp-block-gallery-1 is-layout-flex wp-block-gallery-is-layout-flex\">\n<figure class=\"wp-block-image size-large\"><a href=\"https:\/\/www.christine-prause.de\/blog\/wp-content\/uploads\/2026\/01\/Sofa.jpg\"><img loading=\"lazy\" decoding=\"async\" width=\"979\" height=\"486\" data-id=\"3616\" src=\"https:\/\/www.christine-prause.de\/blog\/wp-content\/uploads\/2026\/01\/Sofa.jpg\" alt=\"\" class=\"wp-image-3616\" srcset=\"https:\/\/www.christine-prause.de\/blog\/wp-content\/uploads\/2026\/01\/Sofa.jpg 979w, https:\/\/www.christine-prause.de\/blog\/wp-content\/uploads\/2026\/01\/Sofa-300x149.jpg 300w, https:\/\/www.christine-prause.de\/blog\/wp-content\/uploads\/2026\/01\/Sofa-768x381.jpg 768w, https:\/\/www.christine-prause.de\/blog\/wp-content\/uploads\/2026\/01\/Sofa-500x248.jpg 500w\" sizes=\"auto, (max-width: 979px) 100vw, 979px\" \/><\/a><\/figure>\n<\/figure>\n\n\n\n<p><strong>Begleitprogramm zur Ausstellung<\/strong><\/p>\n\n\n\n<ul class=\"wp-block-list\">\n<li><strong>Sonntag, 18.1.2026, 12:30 Uhr<br><em>Sofalesung<\/em><br><\/strong>Marianne Reiners-Maaz:\u00a0<em>Mit Kunst leben<\/em><\/li>\n\n\n\n<li><strong>Sonntag, 1.2.2026,\u00a012:30 Uhr<br><em>Sofatalk<br><\/em><\/strong><em>Kunsterlebnis oder Wohnzimmerdeko?<\/em><br>Moderation: Dagmar Gro\u00df, Journalistin<br>Mit Joachim Hinz-Siever (Ausleiher), Mieke Grothues (Ausleiherin), Christine Prause (K\u00fcnstlerin), John Waszek (K\u00fcnstler), Brigitta Heidtmann (Artothekleiterin, K\u00fcnstlerin)<\/li>\n\n\n\n<li><strong>Sonntag, 8.2.2026, 12 \u2013 16 Uhr<br><em>Pop-up-Caf\u00e9<\/em><br><\/strong>mit Claudia Reich<\/li>\n\n\n\n<li><strong>Sonntag, 15.2.2026,<\/strong>\u00a0<strong>12 \u2013 16 Uhr<\/strong><br><strong><em>Finissage mit Musik auf dem Sofa<\/em>\u00a0<\/strong>ab 12:.30 Uhr<br><em>Duo NoLa<br><\/em>Petra Weirauch \u2013 Drehleier, Piano, Gesang<br>Christiane Meis-Schr\u00f6rs \u2013 diatonisches Akkordeon, Ukulele, Bass<\/li>\n<\/ul>\n\n\n\n<p><strong>\u00d6ffnungszeiten:<\/strong><br class=\"\">Donnerstags von 16 bis 20 Uhr, sonntags von 12 bis 16 Uhr.<br class=\"\">Montags ist nur die Artothek ge\u00f6ffnet von 16 bis 20 Uhr. &nbsp;&nbsp;<\/p>\n","protected":false},"excerpt":{"rendered":"<p>\u00dcberm Sofa \u201e\u00dcberm Sofa \u2013 35 Jahre Artothek\u201c&nbsp; 16. Januar bis zum 15. Februar 2026 auf zwei Etagen im Kunst-Spektrum der GKK und in der Artothek, St. Anton Stra\u00dfe 90, Krefeld Er\u00f6ffnung: Freitag, 16.1.2026 um 19 Uhr im Kunst-Spektrum der &hellip; <a href=\"https:\/\/www.christine-prause.de\/blog\/?p=3601\">Weiterlesen <span class=\"meta-nav\">&rarr;<\/span><\/a><\/p>\n","protected":false},"author":1,"featured_media":0,"comment_status":"closed","ping_status":"closed","sticky":false,"template":"","format":"standard","meta":{"footnotes":""},"categories":[1],"tags":[],"class_list":["post-3601","post","type-post","status-publish","format-standard","hentry","category-allgemein"],"_links":{"self":[{"href":"https:\/\/www.christine-prause.de\/blog\/index.php?rest_route=\/wp\/v2\/posts\/3601","targetHints":{"allow":["GET"]}}],"collection":[{"href":"https:\/\/www.christine-prause.de\/blog\/index.php?rest_route=\/wp\/v2\/posts"}],"about":[{"href":"https:\/\/www.christine-prause.de\/blog\/index.php?rest_route=\/wp\/v2\/types\/post"}],"author":[{"embeddable":true,"href":"https:\/\/www.christine-prause.de\/blog\/index.php?rest_route=\/wp\/v2\/users\/1"}],"replies":[{"embeddable":true,"href":"https:\/\/www.christine-prause.de\/blog\/index.php?rest_route=%2Fwp%2Fv2%2Fcomments&post=3601"}],"version-history":[{"count":5,"href":"https:\/\/www.christine-prause.de\/blog\/index.php?rest_route=\/wp\/v2\/posts\/3601\/revisions"}],"predecessor-version":[{"id":3621,"href":"https:\/\/www.christine-prause.de\/blog\/index.php?rest_route=\/wp\/v2\/posts\/3601\/revisions\/3621"}],"wp:attachment":[{"href":"https:\/\/www.christine-prause.de\/blog\/index.php?rest_route=%2Fwp%2Fv2%2Fmedia&parent=3601"}],"wp:term":[{"taxonomy":"category","embeddable":true,"href":"https:\/\/www.christine-prause.de\/blog\/index.php?rest_route=%2Fwp%2Fv2%2Fcategories&post=3601"},{"taxonomy":"post_tag","embeddable":true,"href":"https:\/\/www.christine-prause.de\/blog\/index.php?rest_route=%2Fwp%2Fv2%2Ftags&post=3601"}],"curies":[{"name":"wp","href":"https:\/\/api.w.org\/{rel}","templated":true}]}}